{"id":59567,"date":"2026-08-31T11:25:04","date_gmt":"2026-08-31T14:25:04","guid":{"rendered":"https:\/\/truenosmetalicos.com.ar\/2020\/?p=59567"},"modified":"2026-08-31T11:37:59","modified_gmt":"2026-08-31T14:37:59","slug":"album-de-la-semana-frisson-noir-tarja-%f0%9f%87%ab%f0%9f%87%ae","status":"publish","type":"post","link":"https:\/\/truenosmetalicos.com.ar\/2020\/album-de-la-semana-frisson-noir-tarja-%f0%9f%87%ab%f0%9f%87%ae\/","title":{"rendered":"\u00c1lbum de la semana &#8211; \u201cFrisson Noir\u201d- TARJA \ud83c\uddea\ud83c\uddf8 \ud83c\uddeb\ud83c\uddee"},"content":{"rendered":"\n<div class=\"wp-block-uagb-image alignleft uagb-block-81b308de wp-block-uagb-image--layout-default wp-block-uagb-image--effect-static wp-block-uagb-image--align-left\"><figure class=\"wp-block-uagb-image__figure\"><img data-recalc-dims=\"1\" decoding=\"async\" src=\"https:\/\/i0.wp.com\/truenosmetalicos.com.ar\/2020\/wp-content\/uploads\/Tarja250.jpg?resize=250%2C250&#038;ssl=1\" alt=\"\" class=\"uag-image-59671\" width=\"250\" height=\"250\" title=\"Tarja250\" loading=\"lazy\" role=\"img\" \/><\/figure><\/div>\n\n\n\n<div class=\"wp-block-uagb-advanced-heading uagb-block-8d9e0f82\"><h3 class=\"uagb-heading-text\">Encuentros de alto calibre en el nuevo manifiesto de Tarja<\/h3><\/div>\n\n\n\n<p class=\"wp-block-paragraph\"><p style=\"text-align: justify;\">Siete a\u00f1os tuvieron que pasar desde In the Raw (2019) para que la voz m\u00e1s emblem\u00e1tica del Metal Sinf\u00f3nico finland\u00e9s volviera a sumergirse de lleno en el terreno pesado. Tras diversas exploraciones cl\u00e1sicas y proyectos conceptuales, <strong>TARJA TURUNEN<\/strong> regresa con \u201cFrisson Noir\u201d publicado a trav\u00e9s de <a href=\"https:\/\/www.earmusic.com\/\" target=\"_blank\" rel=\"noreferrer noopener\" data-type=\"link\" data-id=\"https:\/\/www.earmusic.com\/\">earMUSIC<\/a>, una obra que se posiciona de inmediato como el trabajo m\u00e1s denso, oscuro y contundente de toda su trayectoria solista.<\/p><\/p>\n\n\n\n<p class=\"wp-block-paragraph\"><p style=\"text-align: justify;\">El t\u00edtulo no es casualidad: \u201cFrisson\u201d alude a esa respuesta psicofisiol\u00f3gica, ese escalofr\u00edo kinest\u00e9sico que recorre la espina dorsal cuando el sonido trasciende la audici\u00f3n y se convierte en una sacudida f\u00edsica. En una \u00e9poca hipertecnologizada, donde la inmediatez a menudo diluye la emoci\u00f3n, Tarja firma un manifiesto de organicidad e interpretaci\u00f3n visceral.<\/p><\/p>\n\n\n\n<p class=\"wp-block-paragraph\"><p style=\"text-align: justify;\">Producido por la propia Tarja y mezclado magistralmente por Neal Avron, Frisson Noir logra un equilibrio perfecto: la pared de guitarras de afinaciones bajas y rifs cortantes no eclipsa la densidad orquestal grabada en los Eiffel Art Studios de Budapest.<\/p><\/p>\n\n\n\n<p class=\"wp-block-paragraph\"><p style=\"text-align: justify;\">El disco no busca ser simplemente \u201cpesado\u201d por acumulaci\u00f3n de decibeles, sino por atm\u00f3sfera. Hay un uso dram\u00e1tico del espacio como pasajes \u00edntimos de piano de cola ceden el paso a explosiones sinf\u00f3nicas donde la l\u00edrica de Tarja se desplaza con maestr\u00eda entre la fragilidad t\u00edmbrica y la potencia oper\u00edstica.<\/p><\/p>\n\n\n\n<p class=\"wp-block-paragraph\"><p style=\"text-align: justify;\">Uno de los mayores triunfos de Frisson Noir reside en la manera en que integra sus colaboraciones a lo largo de los 63 minutos, lejos de utilizarlas como meros ganchos publicitarios, Tarja convierte a sus invitados en engranajes org\u00e1nicos de una misma arquitectura dram\u00e1tica y que adem\u00e1s son de alto calibre.<\/p><\/p>\n\n\n\n<p class=\"wp-block-paragraph\"><p style=\"text-align: justify;\">Entre las canciones m\u00e1s destacadas se encuentra la ambiciosa \u201cAt Sea\u201d, una suite progresiva y cinematogr\u00e1fica de diez minutos que no solo fue elegida como carta de presentaci\u00f3n del disco, sino que funciona como un aut\u00e9ntico portal conceptual. En ella, la densidad instrumental demuestra desde el primer minuto que el metal de mayor impacto no nace del c\u00e1lculo, sino del instinto m\u00e1s visceral.<\/p><\/p>\n\n\n\n<p class=\"wp-block-paragraph\"><p style=\"text-align: justify;\">Esa tensi\u00f3n dram\u00e1tica cobra una dimensi\u00f3n casi teatral en \u201cI Don&#8217;t Care\u201d, donde la voz l\u00edrica de Tarja colisiona de frente con los alaridos corrosivos y desgarradores de Dani Filth. El contrapunto entre el frontman de Cradle of Filth y la soprano finlandesa genera una tormenta g\u00f3tica de pura actitud e individualismo. La intensidad no decae con \u201cLeap of Faith\u00bb, el esperado reencuentro en estudio con Marko Hietala. La qu\u00edmica entre ambos permanece intacta; el contraste entre la aspereza vocal de Marko y el alcance crom\u00e1tico de Tarja rescata esa magia inconfundible que redefini\u00f3 el metal n\u00f3rdico a comienzos de siglo.<\/p><\/p>\n\n\n\n<p class=\"wp-block-paragraph\"><p style=\"text-align: justify;\">El \u00e1lbum tambi\u00e9n se atreve a romper fronteras estil\u00edsticas con enorme elegancia. En \u201cThe Trace Outlives\u201d, la inclusi\u00f3n del shamisen ejecutado por Sayo Komada aporta una textura percusiva e hipn\u00f3tica que se trenza entre distorsiones pesadas, revelando la incesante inquietud exploratoria de la cantante. Por su parte, la sorpresiva presencia de Chad Smith en \u201cAgainst The Odds\u201d le inyecta al disco un groove org\u00e1nico y una pegada directa que acelera el ritmo del tracklist sin perder pesadez.<\/p><\/p>\n\n\n\n<p class=\"wp-block-paragraph\"><p style=\"text-align: justify;\">El cierre de esta red de alianzas llega con \u201cTango\u201d, una pieza donde Apocalyptica despliega el ataque salvaje de sus chelos para abrazar la pasi\u00f3n y el dramatismo rioplatense. Es un gui\u00f1o abierto y maduro a la cultura que adopt\u00f3 a la artista como propia, transformando la melancol\u00eda del g\u00e9nero en un vendaval de Metal Sinf\u00f3nico inolvidable.<\/p><\/p>\n\n\n\n<div class=\"wp-block-uagb-image aligncenter uagb-block-7bee2003 wp-block-uagb-image--layout-default wp-block-uagb-image--effect-static wp-block-uagb-image--align-center\"><figure class=\"wp-block-uagb-image__figure\"><img data-recalc-dims=\"1\" decoding=\"async\" src=\"https:\/\/i0.wp.com\/truenosmetalicos.com.ar\/2020\/wp-content\/uploads\/Tarja400-1.jpg?resize=400%2C400&#038;ssl=1\" alt=\"\" class=\"uag-image-59672\" width=\"400\" height=\"400\" title=\"Tarja400\" loading=\"lazy\" role=\"img\" \/><\/figure><\/div>\n\n\n\n<p class=\"wp-block-paragraph\"><p style=\"text-align: justify;\">Este trabajo no es solo la confirmaci\u00f3n de que Tarja es la reina indiscutida del Metal Sinf\u00f3nico; es la reafirmaci\u00f3n de su soberan\u00eda en el g\u00e9nero pes\u00e1ndole a quien le pese. Es un \u00e1lbum maduro, t\u00e9cnicamente impecable, oscuro y profundamente emocional. \u00a1Buen\u00edsimo que Tarja vuelva a su hogar, a la m\u00fasica pesada, y sobre todo el escalofr\u00edo se siente real!.<\/p><\/p>\n\n\n\n<p class=\"has-text-align-right wp-block-paragraph\">Sabrina Romero<\/p>\n\n\n\n<div class=\"wp-block-uagb-image aligncenter uagb-block-c9057632 wp-block-uagb-image--layout-default wp-block-uagb-image--effect-static wp-block-uagb-image--align-center\"><figure class=\"wp-block-uagb-image__figure\"><img data-recalc-dims=\"1\" decoding=\"async\" src=\"https:\/\/i0.wp.com\/truenosmetalicos.com.ar\/2020\/wp-content\/uploads\/T-4.jpg?resize=550%2C446&#038;ssl=1\" alt=\"\" class=\"uag-image-59670\" width=\"550\" height=\"446\" title=\"T\" loading=\"lazy\" role=\"img\" \/><\/figure><\/div>\n\n\n\n<p class=\"has-text-align-center wp-block-paragraph\"><strong>Sus Integrantes son:<\/strong><\/p>\n\n\n\n<p class=\"has-text-align-center wp-block-paragraph\">Tarja Turunen: Voz, piano y composici\u00f3n<\/p>\n\n\n\n<p class=\"has-text-align-center wp-block-paragraph\"><strong>M\u00fasicos de Sesi\u00f3n <\/strong><br>(El n\u00facleo de m\u00fasicos que grabaron las guitarras, bajos, bater\u00edas y teclados adicionales)<\/p>\n\n\n\n<p class=\"has-text-align-center wp-block-paragraph\">Alex Scholpp \/ Julian Barrett \/ Juli\u00e1n Bedmar<strong>:<\/strong> Guitarras<\/p>\n\n\n\n<p class=\"has-text-align-center wp-block-paragraph\">Doug Wimbish \/ Kevin Chown: Bajos<\/p>\n\n\n\n<p class=\"has-text-align-center wp-block-paragraph\">Christian Sasmi-Kretschmar \/ Alex Menichini: Teclados \/ Programaciones<\/p>\n\n\n\n<p class=\"has-text-align-center wp-block-paragraph\">Fernando Scarcella \/ Pit Barrett: Bater\u00edas y Percusiones<\/p>\n\n\n\n<p class=\"has-text-align-center wp-block-paragraph\">Guillermo De Medio \/ Bart Hendrickson: Arreglos adicionales y teclados<\/p>\n\n\n\n<p><iframe loading=\"lazy\" style=\"border-radius: 12px;\" src=\"https:\/\/open.spotify.com\/embed\/album\/6lfAwm0XnsI1AtVTTYYse8?utm_source=generator&amp;theme=0&amp;si=e26561b3d0d6488c\" width=\"100%\" height=\"152\" frameborder=\"0\" allowfullscreen=\"allowfullscreen\" data-testid=\"embed-iframe\"><\/iframe><\/p>\n\n\n\n<p class=\"wp-block-paragraph\">&nbsp;<\/p>\n","protected":false},"excerpt":{"rendered":"<p>Encuentros de alto calibre en el nuevo manifiesto de Tarja Siete a\u00f1os tuvieron que pasar desde In the Raw (2019) para que la voz m\u00e1s emblem\u00e1tica del Metal Sinf\u00f3nico finland\u00e9s volviera a sumergirse de lleno en el terreno pesado. Tras diversas exploraciones cl\u00e1sicas y proyectos conceptuales, TARJA TURUNEN regresa con \u201cFrisson Noir\u201d publicado a trav\u00e9s [&hellip;]<\/p>\n","protected":false},"author":1,"featured_media":59676,"comment_status":"open","ping_status":"closed","sticky":false,"template":"","format":"standard","meta":{"_uag_custom_page_level_css":"","footnotes":""},"categories":[1018,68,1],"tags":[179,6,152,2274],"class_list":["post-59567","post","type-post","status-publish","format-standard","has-post-thumbnail","hentry","category-album-semanal","category-cd-reviews","category-noticias","tag-finlandia","tag-metal-sinfonico","tag-tarja","tag-tarja-turunen"],"blocksy_meta":{"styles_descriptor":{"styles":{"desktop":"","tablet":"","mobile":""},"google_fonts":[],"version":7}},"yoast_head":"<!-- This site is optimized with the Yoast SEO plugin v28.2 - https:\/\/yoast.com\/product\/yoast-seo-wordpress\/ -->\n<title>\u00c1lbum de la semana - \u201cFrisson Noir\u201d- TARJA \ud83c\uddea\ud83c\uddf8 \ud83c\uddeb\ud83c\uddee - Truenos Metalicos - Cordoba - Argentina<\/title>\n<meta name=\"robots\" content=\"index, follow, max-snippet:-1, max-image-preview:large, max-video-preview:-1\" \/>\n<link rel=\"canonical\" href=\"https:\/\/truenosmetalicos.com.ar\/2020\/album-de-la-semana-frisson-noir-tarja-\ud83c\uddeb\ud83c\uddee\/\" \/>\n<meta property=\"og:locale\" content=\"es_ES\" \/>\n<meta property=\"og:type\" content=\"article\" \/>\n<meta property=\"og:title\" content=\"\u00c1lbum de la semana - \u201cFrisson Noir\u201d- TARJA \ud83c\uddea\ud83c\uddf8 \ud83c\uddeb\ud83c\uddee - Truenos Metalicos - Cordoba - Argentina\" \/>\n<meta property=\"og:description\" content=\"Encuentros de alto calibre en el nuevo manifiesto de Tarja Siete a\u00f1os tuvieron que pasar desde In the Raw (2019) para que la voz m\u00e1s emblem\u00e1tica del Metal Sinf\u00f3nico finland\u00e9s volviera a sumergirse de lleno en el terreno pesado. Tras diversas exploraciones cl\u00e1sicas y proyectos conceptuales, TARJA TURUNEN regresa con \u201cFrisson Noir\u201d publicado a trav\u00e9s [&hellip;]\" \/>\n<meta property=\"og:url\" content=\"https:\/\/truenosmetalicos.com.ar\/2020\/album-de-la-semana-frisson-noir-tarja-\ud83c\uddeb\ud83c\uddee\/\" \/>\n<meta property=\"og:site_name\" content=\"Truenos Metalicos - Cordoba - Argentina\" \/>\n<meta property=\"article:publisher\" content=\"truenosmetalicos\" \/>\n<meta property=\"article:author\" content=\"truenosmetalicos\" \/>\n<meta property=\"article:published_time\" content=\"2026-08-31T14:25:04+00:00\" \/>\n<meta property=\"article:modified_time\" content=\"2026-08-31T14:37:59+00:00\" \/>\n<meta property=\"og:image\" content=\"https:\/\/truenosmetalicos.com.ar\/2020\/wp-content\/uploads\/AST-250.jpg\" \/>\n\t<meta property=\"og:image:width\" content=\"250\" \/>\n\t<meta property=\"og:image:height\" content=\"250\" \/>\n\t<meta property=\"og:image:type\" content=\"image\/jpeg\" \/>\n<meta name=\"author\" content=\"Truenos Metalicos\" \/>\n<meta name=\"twitter:card\" content=\"summary_large_image\" \/>\n<meta name=\"twitter:creator\" content=\"@truenos_radio\" \/>\n<meta name=\"twitter:site\" content=\"@truenos_radio\" \/>\n<meta name=\"twitter:label1\" content=\"Escrito por\" \/>\n\t<meta name=\"twitter:data1\" content=\"Truenos Metalicos\" \/>\n\t<meta name=\"twitter:label2\" content=\"Tiempo de lectura\" \/>\n\t<meta name=\"twitter:data2\" content=\"4 minutos\" \/>\n<script type=\"application\/ld+json\" class=\"yoast-schema-graph\">{\"@context\":\"https:\\\/\\\/schema.org\",\"@graph\":[{\"@type\":\"Article\",\"@id\":\"https:\\\/\\\/truenosmetalicos.com.ar\\\/2020\\\/album-de-la-semana-frisson-noir-tarja-%f0%9f%87%ab%f0%9f%87%ae\\\/#article\",\"isPartOf\":{\"@id\":\"https:\\\/\\\/truenosmetalicos.com.ar\\\/2020\\\/album-de-la-semana-frisson-noir-tarja-%f0%9f%87%ab%f0%9f%87%ae\\\/\"},\"author\":{\"name\":\"Truenos Metalicos\",\"@id\":\"https:\\\/\\\/truenosmetalicos.com.ar\\\/2020\\\/#\\\/schema\\\/person\\\/0efd75ba16960033d5bfe111c97563d1\"},\"headline\":\"\u00c1lbum de la semana &#8211; \u201cFrisson Noir\u201d- TARJA \ud83c\uddea\ud83c\uddf8 \ud83c\uddeb\ud83c\uddee\",\"datePublished\":\"2026-08-31T14:25:04+00:00\",\"dateModified\":\"2026-08-31T14:37:59+00:00\",\"mainEntityOfPage\":{\"@id\":\"https:\\\/\\\/truenosmetalicos.com.ar\\\/2020\\\/album-de-la-semana-frisson-noir-tarja-%f0%9f%87%ab%f0%9f%87%ae\\\/\"},\"wordCount\":768,\"commentCount\":0,\"publisher\":{\"@id\":\"https:\\\/\\\/truenosmetalicos.com.ar\\\/2020\\\/#\\\/schema\\\/person\\\/0efd75ba16960033d5bfe111c97563d1\"},\"image\":{\"@id\":\"https:\\\/\\\/truenosmetalicos.com.ar\\\/2020\\\/album-de-la-semana-frisson-noir-tarja-%f0%9f%87%ab%f0%9f%87%ae\\\/#primaryimage\"},\"thumbnailUrl\":\"https:\\\/\\\/i0.wp.com\\\/truenosmetalicos.com.ar\\\/2020\\\/wp-content\\\/uploads\\\/AST-250.jpg?fit=250%2C250&ssl=1\",\"keywords\":[\"Finlandia\",\"Metal Sinf\u00f3nico\",\"Tarja\",\"Tarja Turunen\"],\"articleSection\":[\"\u00c1LBUM DE LA SEMANA\",\"CD REVIEWS\",\"NOTICIAS\"],\"inLanguage\":\"es\",\"potentialAction\":[{\"@type\":\"CommentAction\",\"name\":\"Comment\",\"target\":[\"https:\\\/\\\/truenosmetalicos.com.ar\\\/2020\\\/album-de-la-semana-frisson-noir-tarja-%f0%9f%87%ab%f0%9f%87%ae\\\/#respond\"]}]},{\"@type\":\"WebPage\",\"@id\":\"https:\\\/\\\/truenosmetalicos.com.ar\\\/2020\\\/album-de-la-semana-frisson-noir-tarja-%f0%9f%87%ab%f0%9f%87%ae\\\/\",\"url\":\"https:\\\/\\\/truenosmetalicos.com.ar\\\/2020\\\/album-de-la-semana-frisson-noir-tarja-%f0%9f%87%ab%f0%9f%87%ae\\\/\",\"name\":\"\u00c1lbum de la semana - \u201cFrisson Noir\u201d- TARJA \ud83c\uddea\ud83c\uddf8 \ud83c\uddeb\ud83c\uddee - Truenos Metalicos - Cordoba - Argentina\",\"isPartOf\":{\"@id\":\"https:\\\/\\\/truenosmetalicos.com.ar\\\/2020\\\/#website\"},\"primaryImageOfPage\":{\"@id\":\"https:\\\/\\\/truenosmetalicos.com.ar\\\/2020\\\/album-de-la-semana-frisson-noir-tarja-%f0%9f%87%ab%f0%9f%87%ae\\\/#primaryimage\"},\"image\":{\"@id\":\"https:\\\/\\\/truenosmetalicos.com.ar\\\/2020\\\/album-de-la-semana-frisson-noir-tarja-%f0%9f%87%ab%f0%9f%87%ae\\\/#primaryimage\"},\"thumbnailUrl\":\"https:\\\/\\\/i0.wp.com\\\/truenosmetalicos.com.ar\\\/2020\\\/wp-content\\\/uploads\\\/AST-250.jpg?fit=250%2C250&ssl=1\",\"datePublished\":\"2026-08-31T14:25:04+00:00\",\"dateModified\":\"2026-08-31T14:37:59+00:00\",\"breadcrumb\":{\"@id\":\"https:\\\/\\\/truenosmetalicos.com.ar\\\/2020\\\/album-de-la-semana-frisson-noir-tarja-%f0%9f%87%ab%f0%9f%87%ae\\\/#breadcrumb\"},\"inLanguage\":\"es\",\"potentialAction\":[{\"@type\":\"ReadAction\",\"target\":[\"https:\\\/\\\/truenosmetalicos.com.ar\\\/2020\\\/album-de-la-semana-frisson-noir-tarja-%f0%9f%87%ab%f0%9f%87%ae\\\/\"]}]},{\"@type\":\"ImageObject\",\"inLanguage\":\"es\",\"@id\":\"https:\\\/\\\/truenosmetalicos.com.ar\\\/2020\\\/album-de-la-semana-frisson-noir-tarja-%f0%9f%87%ab%f0%9f%87%ae\\\/#primaryimage\",\"url\":\"https:\\\/\\\/i0.wp.com\\\/truenosmetalicos.com.ar\\\/2020\\\/wp-content\\\/uploads\\\/AST-250.jpg?fit=250%2C250&ssl=1\",\"contentUrl\":\"https:\\\/\\\/i0.wp.com\\\/truenosmetalicos.com.ar\\\/2020\\\/wp-content\\\/uploads\\\/AST-250.jpg?fit=250%2C250&ssl=1\",\"width\":250,\"height\":250},{\"@type\":\"BreadcrumbList\",\"@id\":\"https:\\\/\\\/truenosmetalicos.com.ar\\\/2020\\\/album-de-la-semana-frisson-noir-tarja-%f0%9f%87%ab%f0%9f%87%ae\\\/#breadcrumb\",\"itemListElement\":[{\"@type\":\"ListItem\",\"position\":1,\"name\":\"Portada\",\"item\":\"https:\\\/\\\/truenosmetalicos.com.ar\\\/2020\\\/\"},{\"@type\":\"ListItem\",\"position\":2,\"name\":\"\u00c1LBUM DE LA SEMANA\",\"item\":\"https:\\\/\\\/truenosmetalicos.com.ar\\\/2020\\\/Secciones\\\/album-semanal\\\/\"},{\"@type\":\"ListItem\",\"position\":3,\"name\":\"\u00c1lbum de la semana &#8211; \u201cFrisson Noir\u201d- TARJA \ud83c\uddea\ud83c\uddf8 \ud83c\uddeb\ud83c\uddee\"}]},{\"@type\":\"WebSite\",\"@id\":\"https:\\\/\\\/truenosmetalicos.com.ar\\\/2020\\\/#website\",\"url\":\"https:\\\/\\\/truenosmetalicos.com.ar\\\/2020\\\/\",\"name\":\"Truenos Metalicos - Cordoba - Argentina\",\"description\":\"\",\"publisher\":{\"@id\":\"https:\\\/\\\/truenosmetalicos.com.ar\\\/2020\\\/#\\\/schema\\\/person\\\/0efd75ba16960033d5bfe111c97563d1\"},\"alternateName\":\"Truenos Metalicos\",\"potentialAction\":[{\"@type\":\"SearchAction\",\"target\":{\"@type\":\"EntryPoint\",\"urlTemplate\":\"https:\\\/\\\/truenosmetalicos.com.ar\\\/2020\\\/?s={search_term_string}\"},\"query-input\":{\"@type\":\"PropertyValueSpecification\",\"valueRequired\":true,\"valueName\":\"search_term_string\"}}],\"inLanguage\":\"es\"},{\"@type\":[\"Person\",\"Organization\"],\"@id\":\"https:\\\/\\\/truenosmetalicos.com.ar\\\/2020\\\/#\\\/schema\\\/person\\\/0efd75ba16960033d5bfe111c97563d1\",\"name\":\"Truenos Metalicos\",\"image\":{\"@type\":\"ImageObject\",\"inLanguage\":\"es\",\"@id\":\"https:\\\/\\\/i0.wp.com\\\/truenosmetalicos.com.ar\\\/2020\\\/wp-content\\\/uploads\\\/cropped-512-N.jpg?fit=512%2C512&ssl=1\",\"url\":\"https:\\\/\\\/i0.wp.com\\\/truenosmetalicos.com.ar\\\/2020\\\/wp-content\\\/uploads\\\/cropped-512-N.jpg?fit=512%2C512&ssl=1\",\"contentUrl\":\"https:\\\/\\\/i0.wp.com\\\/truenosmetalicos.com.ar\\\/2020\\\/wp-content\\\/uploads\\\/cropped-512-N.jpg?fit=512%2C512&ssl=1\",\"width\":512,\"height\":512,\"caption\":\"Truenos Metalicos\"},\"logo\":{\"@id\":\"https:\\\/\\\/i0.wp.com\\\/truenosmetalicos.com.ar\\\/2020\\\/wp-content\\\/uploads\\\/cropped-512-N.jpg?fit=512%2C512&ssl=1\"},\"description\":\"Truenos Met\u00e1licos es un portal web especializado en la difusi\u00f3n del metal a nivel internacional, nacional y dentro de la escena local de C\u00f3rdoba, Argentina.\",\"sameAs\":[\"https:\\\/\\\/truenosmetalicos.com.ar\",\"truenosmetalicos\",\"truenos_metalicos\",\"https:\\\/\\\/x.com\\\/truenos_radio\",\"TruenosMetalicos\"]}]}<\/script>\n<!-- \/ Yoast SEO plugin. -->","yoast_head_json":{"title":"\u00c1lbum de la semana - \u201cFrisson Noir\u201d- TARJA \ud83c\uddea\ud83c\uddf8 \ud83c\uddeb\ud83c\uddee - Truenos Metalicos - Cordoba - Argentina","robots":{"index":"index","follow":"follow","max-snippet":"max-snippet:-1","max-image-preview":"max-image-preview:large","max-video-preview":"max-video-preview:-1"},"canonical":"https:\/\/truenosmetalicos.com.ar\/2020\/album-de-la-semana-frisson-noir-tarja-\ud83c\uddeb\ud83c\uddee\/","og_locale":"es_ES","og_type":"article","og_title":"\u00c1lbum de la semana - \u201cFrisson Noir\u201d- TARJA \ud83c\uddea\ud83c\uddf8 \ud83c\uddeb\ud83c\uddee - Truenos Metalicos - Cordoba - Argentina","og_description":"Encuentros de alto calibre en el nuevo manifiesto de Tarja Siete a\u00f1os tuvieron que pasar desde In the Raw (2019) para que la voz m\u00e1s emblem\u00e1tica del Metal Sinf\u00f3nico finland\u00e9s volviera a sumergirse de lleno en el terreno pesado. Tras diversas exploraciones cl\u00e1sicas y proyectos conceptuales, TARJA TURUNEN regresa con \u201cFrisson Noir\u201d publicado a trav\u00e9s [&hellip;]","og_url":"https:\/\/truenosmetalicos.com.ar\/2020\/album-de-la-semana-frisson-noir-tarja-\ud83c\uddeb\ud83c\uddee\/","og_site_name":"Truenos Metalicos - Cordoba - Argentina","article_publisher":"truenosmetalicos","article_author":"truenosmetalicos","article_published_time":"2026-08-31T14:25:04+00:00","article_modified_time":"2026-08-31T14:37:59+00:00","og_image":[{"url":"https:\/\/truenosmetalicos.com.ar\/2020\/wp-content\/uploads\/AST-250.jpg","width":250,"height":250,"type":"image\/jpeg"}],"author":"Truenos Metalicos","twitter_card":"summary_large_image","twitter_creator":"@truenos_radio","twitter_site":"@truenos_radio","twitter_misc":{"Escrito por":"Truenos Metalicos","Tiempo de lectura":"4 minutos"},"schema":{"@context":"https:\/\/schema.org","@graph":[{"@type":"Article","@id":"https:\/\/truenosmetalicos.com.ar\/2020\/album-de-la-semana-frisson-noir-tarja-%f0%9f%87%ab%f0%9f%87%ae\/#article","isPartOf":{"@id":"https:\/\/truenosmetalicos.com.ar\/2020\/album-de-la-semana-frisson-noir-tarja-%f0%9f%87%ab%f0%9f%87%ae\/"},"author":{"name":"Truenos Metalicos","@id":"https:\/\/truenosmetalicos.com.ar\/2020\/#\/schema\/person\/0efd75ba16960033d5bfe111c97563d1"},"headline":"\u00c1lbum de la semana &#8211; \u201cFrisson Noir\u201d- TARJA \ud83c\uddea\ud83c\uddf8 \ud83c\uddeb\ud83c\uddee","datePublished":"2026-08-31T14:25:04+00:00","dateModified":"2026-08-31T14:37:59+00:00","mainEntityOfPage":{"@id":"https:\/\/truenosmetalicos.com.ar\/2020\/album-de-la-semana-frisson-noir-tarja-%f0%9f%87%ab%f0%9f%87%ae\/"},"wordCount":768,"commentCount":0,"publisher":{"@id":"https:\/\/truenosmetalicos.com.ar\/2020\/#\/schema\/person\/0efd75ba16960033d5bfe111c97563d1"},"image":{"@id":"https:\/\/truenosmetalicos.com.ar\/2020\/album-de-la-semana-frisson-noir-tarja-%f0%9f%87%ab%f0%9f%87%ae\/#primaryimage"},"thumbnailUrl":"https:\/\/i0.wp.com\/truenosmetalicos.com.ar\/2020\/wp-content\/uploads\/AST-250.jpg?fit=250%2C250&ssl=1","keywords":["Finlandia","Metal Sinf\u00f3nico","Tarja","Tarja Turunen"],"articleSection":["\u00c1LBUM DE LA SEMANA","CD REVIEWS","NOTICIAS"],"inLanguage":"es","potentialAction":[{"@type":"CommentAction","name":"Comment","target":["https:\/\/truenosmetalicos.com.ar\/2020\/album-de-la-semana-frisson-noir-tarja-%f0%9f%87%ab%f0%9f%87%ae\/#respond"]}]},{"@type":"WebPage","@id":"https:\/\/truenosmetalicos.com.ar\/2020\/album-de-la-semana-frisson-noir-tarja-%f0%9f%87%ab%f0%9f%87%ae\/","url":"https:\/\/truenosmetalicos.com.ar\/2020\/album-de-la-semana-frisson-noir-tarja-%f0%9f%87%ab%f0%9f%87%ae\/","name":"\u00c1lbum de la semana - \u201cFrisson Noir\u201d- TARJA \ud83c\uddea\ud83c\uddf8 \ud83c\uddeb\ud83c\uddee - Truenos Metalicos - Cordoba - Argentina","isPartOf":{"@id":"https:\/\/truenosmetalicos.com.ar\/2020\/#website"},"primaryImageOfPage":{"@id":"https:\/\/truenosmetalicos.com.ar\/2020\/album-de-la-semana-frisson-noir-tarja-%f0%9f%87%ab%f0%9f%87%ae\/#primaryimage"},"image":{"@id":"https:\/\/truenosmetalicos.com.ar\/2020\/album-de-la-semana-frisson-noir-tarja-%f0%9f%87%ab%f0%9f%87%ae\/#primaryimage"},"thumbnailUrl":"https:\/\/i0.wp.com\/truenosmetalicos.com.ar\/2020\/wp-content\/uploads\/AST-250.jpg?fit=250%2C250&ssl=1","datePublished":"2026-08-31T14:25:04+00:00","dateModified":"2026-08-31T14:37:59+00:00","breadcrumb":{"@id":"https:\/\/truenosmetalicos.com.ar\/2020\/album-de-la-semana-frisson-noir-tarja-%f0%9f%87%ab%f0%9f%87%ae\/#breadcrumb"},"inLanguage":"es","potentialAction":[{"@type":"ReadAction","target":["https:\/\/truenosmetalicos.com.ar\/2020\/album-de-la-semana-frisson-noir-tarja-%f0%9f%87%ab%f0%9f%87%ae\/"]}]},{"@type":"ImageObject","inLanguage":"es","@id":"https:\/\/truenosmetalicos.com.ar\/2020\/album-de-la-semana-frisson-noir-tarja-%f0%9f%87%ab%f0%9f%87%ae\/#primaryimage","url":"https:\/\/i0.wp.com\/truenosmetalicos.com.ar\/2020\/wp-content\/uploads\/AST-250.jpg?fit=250%2C250&ssl=1","contentUrl":"https:\/\/i0.wp.com\/truenosmetalicos.com.ar\/2020\/wp-content\/uploads\/AST-250.jpg?fit=250%2C250&ssl=1","width":250,"height":250},{"@type":"BreadcrumbList","@id":"https:\/\/truenosmetalicos.com.ar\/2020\/album-de-la-semana-frisson-noir-tarja-%f0%9f%87%ab%f0%9f%87%ae\/#breadcrumb","itemListElement":[{"@type":"ListItem","position":1,"name":"Portada","item":"https:\/\/truenosmetalicos.com.ar\/2020\/"},{"@type":"ListItem","position":2,"name":"\u00c1LBUM DE LA SEMANA","item":"https:\/\/truenosmetalicos.com.ar\/2020\/Secciones\/album-semanal\/"},{"@type":"ListItem","position":3,"name":"\u00c1lbum de la semana &#8211; \u201cFrisson Noir\u201d- TARJA \ud83c\uddea\ud83c\uddf8 \ud83c\uddeb\ud83c\uddee"}]},{"@type":"WebSite","@id":"https:\/\/truenosmetalicos.com.ar\/2020\/#website","url":"https:\/\/truenosmetalicos.com.ar\/2020\/","name":"Truenos Metalicos - Cordoba - Argentina","description":"","publisher":{"@id":"https:\/\/truenosmetalicos.com.ar\/2020\/#\/schema\/person\/0efd75ba16960033d5bfe111c97563d1"},"alternateName":"Truenos Metalicos","potentialAction":[{"@type":"SearchAction","target":{"@type":"EntryPoint","urlTemplate":"https:\/\/truenosmetalicos.com.ar\/2020\/?s={search_term_string}"},"query-input":{"@type":"PropertyValueSpecification","valueRequired":true,"valueName":"search_term_string"}}],"inLanguage":"es"},{"@type":["Person","Organization"],"@id":"https:\/\/truenosmetalicos.com.ar\/2020\/#\/schema\/person\/0efd75ba16960033d5bfe111c97563d1","name":"Truenos Metalicos","image":{"@type":"ImageObject","inLanguage":"es","@id":"https:\/\/i0.wp.com\/truenosmetalicos.com.ar\/2020\/wp-content\/uploads\/cropped-512-N.jpg?fit=512%2C512&ssl=1","url":"https:\/\/i0.wp.com\/truenosmetalicos.com.ar\/2020\/wp-content\/uploads\/cropped-512-N.jpg?fit=512%2C512&ssl=1","contentUrl":"https:\/\/i0.wp.com\/truenosmetalicos.com.ar\/2020\/wp-content\/uploads\/cropped-512-N.jpg?fit=512%2C512&ssl=1","width":512,"height":512,"caption":"Truenos Metalicos"},"logo":{"@id":"https:\/\/i0.wp.com\/truenosmetalicos.com.ar\/2020\/wp-content\/uploads\/cropped-512-N.jpg?fit=512%2C512&ssl=1"},"description":"Truenos Met\u00e1licos es un portal web especializado en la difusi\u00f3n del metal a nivel internacional, nacional y dentro de la escena local de C\u00f3rdoba, Argentina.","sameAs":["https:\/\/truenosmetalicos.com.ar","truenosmetalicos","truenos_metalicos","https:\/\/x.com\/truenos_radio","TruenosMetalicos"]}]}},"uagb_featured_image_src":{"full":["https:\/\/i0.wp.com\/truenosmetalicos.com.ar\/2020\/wp-content\/uploads\/AST-250.jpg?fit=250%2C250&ssl=1",250,250,false],"thumbnail":["https:\/\/i0.wp.com\/truenosmetalicos.com.ar\/2020\/wp-content\/uploads\/AST-250.jpg?resize=250%2C250&ssl=1",250,250,true],"medium":["https:\/\/i0.wp.com\/truenosmetalicos.com.ar\/2020\/wp-content\/uploads\/AST-250.jpg?fit=250%2C250&ssl=1",250,250,true],"medium_large":["https:\/\/i0.wp.com\/truenosmetalicos.com.ar\/2020\/wp-content\/uploads\/AST-250.jpg?fit=250%2C250&ssl=1",250,250,true],"large":["https:\/\/i0.wp.com\/truenosmetalicos.com.ar\/2020\/wp-content\/uploads\/AST-250.jpg?fit=250%2C250&ssl=1",250,250,true],"1536x1536":["https:\/\/i0.wp.com\/truenosmetalicos.com.ar\/2020\/wp-content\/uploads\/AST-250.jpg?fit=250%2C250&ssl=1",250,250,true],"2048x2048":["https:\/\/i0.wp.com\/truenosmetalicos.com.ar\/2020\/wp-content\/uploads\/AST-250.jpg?fit=250%2C250&ssl=1",250,250,true]},"uagb_author_info":{"display_name":"Truenos Metalicos","author_link":"https:\/\/truenosmetalicos.com.ar\/2020\/author\/admin\/"},"uagb_comment_info":0,"uagb_excerpt":"Encuentros de alto calibre en el nuevo manifiesto de Tarja Siete a\u00f1os tuvieron que pasar desde In the Raw (2019) para que la voz m\u00e1s emblem\u00e1tica del Metal Sinf\u00f3nico finland\u00e9s volviera a sumergirse de lleno en el terreno pesado. Tras diversas exploraciones cl\u00e1sicas y proyectos conceptuales, TARJA TURUNEN regresa con \u201cFrisson Noir\u201d publicado a trav\u00e9s&hellip;","_links":{"self":[{"href":"https:\/\/truenosmetalicos.com.ar\/2020\/wp-json\/wp\/v2\/posts\/59567","targetHints":{"allow":["GET"]}}],"collection":[{"href":"https:\/\/truenosmetalicos.com.ar\/2020\/wp-json\/wp\/v2\/posts"}],"about":[{"href":"https:\/\/truenosmetalicos.com.ar\/2020\/wp-json\/wp\/v2\/types\/post"}],"author":[{"embeddable":true,"href":"https:\/\/truenosmetalicos.com.ar\/2020\/wp-json\/wp\/v2\/users\/1"}],"replies":[{"embeddable":true,"href":"https:\/\/truenosmetalicos.com.ar\/2020\/wp-json\/wp\/v2\/comments?post=59567"}],"version-history":[{"count":11,"href":"https:\/\/truenosmetalicos.com.ar\/2020\/wp-json\/wp\/v2\/posts\/59567\/revisions"}],"predecessor-version":[{"id":59679,"href":"https:\/\/truenosmetalicos.com.ar\/2020\/wp-json\/wp\/v2\/posts\/59567\/revisions\/59679"}],"wp:featuredmedia":[{"embeddable":true,"href":"https:\/\/truenosmetalicos.com.ar\/2020\/wp-json\/wp\/v2\/media\/59676"}],"wp:attachment":[{"href":"https:\/\/truenosmetalicos.com.ar\/2020\/wp-json\/wp\/v2\/media?parent=59567"}],"wp:term":[{"taxonomy":"category","embeddable":true,"href":"https:\/\/truenosmetalicos.com.ar\/2020\/wp-json\/wp\/v2\/categories?post=59567"},{"taxonomy":"post_tag","embeddable":true,"href":"https:\/\/truenosmetalicos.com.ar\/2020\/wp-json\/wp\/v2\/tags?post=59567"}],"curies":[{"name":"wp","href":"https:\/\/api.w.org\/{rel}","templated":true}]}}